{"id":450,"date":"2012-04-25T19:33:20","date_gmt":"2012-04-25T17:33:20","guid":{"rendered":"http:\/\/www.shiatsublog.it\/?p=450"},"modified":"2023-09-04T16:25:09","modified_gmt":"2023-09-04T14:25:09","slug":"piccolo-dizionario-di-simbolismo-corporeo","status":"publish","type":"post","link":"https:\/\/www.fabioronci.it\/site\/2012\/04\/25\/piccolo-dizionario-di-simbolismo-corporeo\/","title":{"rendered":"Piccolo dizionario di simbolismo corporeo"},"content":{"rendered":"\n<p>Il corpo umano ha un suo linguaggio proprio con cui esprime la gioia e la sofferenza. Imparare a leggere il corpo vuol dire prestare attenzione alla sua struttura, saper decifrare le forme del labirinto anatomico.<\/p>\n\n\n\n<p>La strategia di un trattamento Shiatsu si struttura tenendo conto della fisiologia, della tipologia energetica e del&nbsp;simbolismo corporeo&nbsp;del ricevente. Ecco un&nbsp;piccolo dizionario su cosa rappresentano a livello simbolico le varie parti del corpo umano.<\/p>\n\n\n\n<p><strong>I capelli<\/strong>: La mia forza.<\/p>\n\n\n\n<p><strong>Il cuoio capelluto<\/strong>: La mia fede e il mio lato divino.<\/p>\n\n\n\n<p><strong>La testa<\/strong>: la mia individualit\u00e0.<\/p>\n\n\n\n<p><strong>Gli occhi<\/strong>: la mia capacit\u00e0 di vedere oltre.<\/p>\n\n\n\n<p><strong>Le orecchie<\/strong>: la mia capacit\u00e0 di sentire.<\/p>\n\n\n\n<p><strong>Il naso<\/strong>: la mia capacit\u00e0 di odorare o di percepire le persone o le situazioni.<\/p>\n\n\n\n<p><strong>Le labbra<\/strong>: Il mio labbro superiore \u00e8 relazionato con il lato femmineo. Il mio labbro inferiore con il lato maschile.<\/p>\n\n\n\n<p><strong>I denti<\/strong>: le mie decisioni.<\/p>\n\n\n\n<p><strong>Il collo<\/strong>: la mia flessibilit\u00e0, la mia capacit\u00e0 e la mia capacit\u00e0 di vedere vari lati delle situazioni che ci accadono nella vita.<\/p>\n\n\n\n<p><strong>La gola<\/strong>: l\u2019espressione del mio linguaggio verbale e non.<\/p>\n\n\n\n<p><strong>Le spalle<\/strong>: la mia capacit\u00e0 di sopportare un carico emotivo e le mie responsabilit\u00e0.<\/p>\n\n\n\n<p><strong>Le braccia<\/strong>: La mia capacit\u00e0 di gestire le persone o le situazioni della vita. Rappresentano il prolungamento del cuore. Servono per eseguire gli ordini. Sono vincolate a ci\u00f2 che faccio nella mia vita, ad esempio il lavoro.<\/p>\n\n\n\n<p><strong>I gomiti<\/strong>: la mia flessibilit\u00e0 nei cambi di direzione che la vita ci propone.<\/p>\n\n\n\n<p><strong>Le dita<\/strong>: i piccoli dettagli del quotidiano.<\/p>\n\n\n\n<p><strong>Il pollice<\/strong>: vincolato alle inquietudini, al mio intelletto.<\/p>\n\n\n\n<p><strong>Indice<\/strong>: vincolato alla mia personalit\u00e0 (ego) o al mio olfatto.<\/p>\n\n\n\n<p><strong>Medio<\/strong>: vincolato all\u2019ira, alla sessualit\u00e0 o alla mia visione.<\/p>\n\n\n\n<p><strong>Anulare<\/strong>: vincolato alla pena, all\u2019unione o al tatto.<\/p>\n\n\n\n<p><strong>Mignolo<\/strong>: vincolato alla pretesa, alla famiglia o al gusto.<\/p>\n\n\n\n<p><strong>Il cuore<\/strong>: il mio amore.<\/p>\n\n\n\n<p><strong>Il sangue<\/strong>: l\u2019allegria che circola nella mia vita.<\/p>\n\n\n\n<p><strong>I polmoni<\/strong>: la mia necessit\u00e0 di spazio, autonomia, al mio desiderio di vivere.<\/p>\n\n\n\n<p><strong>Stomaco<\/strong>: la mia capacit\u00e0 di digerire nuove idee.<\/p>\n\n\n\n<p><strong>La schiena<\/strong>: il mio supporto, il mio appoggio.<\/p>\n\n\n\n<p><strong>Le articolazioni<\/strong>: la mia flessibilit\u00e0, la capacit\u00e0 di sdoppiarmi nelle differenze istanze della vita.<\/p>\n\n\n\n<p><strong>La pelle<\/strong>: l\u2019unione tra il mio interiore e il mio esteriore, per apportare equilibrio.<\/p>\n\n\n\n<p><strong>Le ossa<\/strong>: la struttura delle leggi e dei principi del mondo nel quale vivo.<\/p>\n\n\n\n<p><strong>L\u2019utero<\/strong>: la mia casa.<\/p>\n\n\n\n<p><strong>Gli intestini<\/strong> (sopratutto il crasso e il colon): la mia capacit\u00e0 di districarmi, di lasciar fluire ci\u00f2 che \u00e8 inutile.<\/p>\n\n\n\n<p><strong>I reni<\/strong>: la sede della paura.<\/p>\n\n\n\n<p><strong>Il p\u00e1ncreas<\/strong>: l\u2019allegria che vive in me.<\/p>\n\n\n\n<p><strong>Il fegato<\/strong>: La sede della cr\u00edtica.<\/p>\n\n\n\n<p><strong>Le gambe<\/strong>: la mia capacit\u00e0 di percorrere la vita, di cambiare la meta, fare nuove esperienze.<\/p>\n\n\n\n<p><strong>Le ginocchia<\/strong>: la mia adattabilit\u00e0, l\u2019amor proprio, l\u2019orgoglio, la mia testardaggine.<\/p>\n\n\n\n<p><strong>Le tibie<\/strong>: La capacit\u00e0 di adattarmi nelle prospettive che il futuro mi offre.<\/p>\n\n\n\n<p><strong>I piedi<\/strong>: La mia posizione (rimanere nello stesso posto). La comprensione del mio io e della vita (passato, presente, futuro).<\/p>\n\n\n\n<p><strong>Le dita dei piedi<\/strong>: i dettagli del mio avvenire.<\/p>\n\n\n\n<p>[<a href=\"http:\/\/terapiasacra.com\/2012\/04\/21\/dizionario-di-simbolismo-corporale-a-cura-di-biomagnetismo-olistico\/\">Fonte<\/a>]<\/p>\n","protected":false},"excerpt":{"rendered":"<p>Il corpo umano ha un suo linguaggio proprio con cui esprime la gioia e la sofferenza. Imparare a leggere il corpo vuol dire prestare attenzione alla sua struttura, saper decifrare le forme del labirinto anatomico. La strategia di un trattamento Shiatsu si struttura tenendo conto della fisiologia, della tipologia energetica e del&nbsp;simbolismo corporeo&nbsp;del ricevente. Ecco&hellip; <br \/> <a class=\"read-more\" href=\"https:\/\/www.fabioronci.it\/site\/2012\/04\/25\/piccolo-dizionario-di-simbolismo-corporeo\/\">Leggi tutto<\/a><\/p>\n","protected":false},"author":1,"featured_media":1584,"comment_status":"open","ping_status":"open","sticky":false,"template":"","format":"standard","meta":{"footnotes":""},"categories":[1],"tags":[145,146,147],"class_list":["post-450","post","type-post","status-publish","format-standard","has-post-thumbnail","hentry","category-articoli","tag-parti-del-corpo","tag-significato-del-corpo","tag-simbolismo-corporeo"],"_links":{"self":[{"href":"https:\/\/www.fabioronci.it\/site\/wp-json\/wp\/v2\/posts\/450","targetHints":{"allow":["GET"]}}],"collection":[{"href":"https:\/\/www.fabioronci.it\/site\/wp-json\/wp\/v2\/posts"}],"about":[{"href":"https:\/\/www.fabioronci.it\/site\/wp-json\/wp\/v2\/types\/post"}],"author":[{"embeddable":true,"href":"https:\/\/www.fabioronci.it\/site\/wp-json\/wp\/v2\/users\/1"}],"replies":[{"embeddable":true,"href":"https:\/\/www.fabioronci.it\/site\/wp-json\/wp\/v2\/comments?post=450"}],"version-history":[{"count":8,"href":"https:\/\/www.fabioronci.it\/site\/wp-json\/wp\/v2\/posts\/450\/revisions"}],"predecessor-version":[{"id":2878,"href":"https:\/\/www.fabioronci.it\/site\/wp-json\/wp\/v2\/posts\/450\/revisions\/2878"}],"wp:featuredmedia":[{"embeddable":true,"href":"https:\/\/www.fabioronci.it\/site\/wp-json\/wp\/v2\/media\/1584"}],"wp:attachment":[{"href":"https:\/\/www.fabioronci.it\/site\/wp-json\/wp\/v2\/media?parent=450"}],"wp:term":[{"taxonomy":"category","embeddable":true,"href":"https:\/\/www.fabioronci.it\/site\/wp-json\/wp\/v2\/categories?post=450"},{"taxonomy":"post_tag","embeddable":true,"href":"https:\/\/www.fabioronci.it\/site\/wp-json\/wp\/v2\/tags?post=450"}],"curies":[{"name":"wp","href":"https:\/\/api.w.org\/{rel}","templated":true}]}}