{"id":169,"date":"2011-10-08T14:37:07","date_gmt":"2011-10-08T12:37:07","guid":{"rendered":"http:\/\/www.shiatsublog.it\/?p=169"},"modified":"2023-09-04T15:28:51","modified_gmt":"2023-09-04T13:28:51","slug":"caffe-e-mal-di-schiena","status":"publish","type":"post","link":"https:\/\/www.fabioronci.it\/site\/2011\/10\/08\/caffe-e-mal-di-schiena\/","title":{"rendered":"Caff\u00e8 e mal di schiena"},"content":{"rendered":"<p>Navigando sul web ho trovato la notizia relativa ad una ricerca del 1998* che dimostrerebbe una correlazione tra consumo di caffeina e incidenza del mal di schiena.<\/p>\n<p>Gli studiosi McPartland e Mitchell (Gruppo di Studio della Scoliosi e delle patologie vertebrali), autori di questo studio, hanno riscontrato che i pazienti con dolore cronico consumano mediamente 2,6 volte pi\u00f9 caffeina rispetto ai pazienti di controllo. Dunque sembrerebbe che chi \u00e8 affetto da mal di schiena tenda ad assumere pi\u00f9 caffeina, la quale a sua volta peggiora il dolore vertebrale in una sorta di circolo vizioso.<\/p>\n<p>Spesso il soggetto con dolore cronico dorme male e per questo motivo \u00e8 spesso stanco. Cos\u00ec assume caffeina per combattere la sua condizione di stanchezza cronica. Questo comportamento determina un incremento del mal di schiena e dei disturbi del sonno e la persona \u00e8 spinta ad un ulteriore aumento del consumo di caff\u00e8.&nbsp;L&#8217;alto dosaggio di caffeina infatti, stimolando la produzione di epinefrine, sensibilizza alcuni recettori muscolari che amplificano la percezione del dolore.<\/p>\n<p>Ho sperimentato su me stesso che dosi anche non elevate di caffeina possono contribuire a provocare dolori vertebrali. Con grande sorpresa ho constatato che i miei dolori lombari mattutini si riducono e scompaiono completamente se elimino le due tazzine di caff\u00e8 che sono solito bere ogni giorno.<\/p>\n<p>Con la pratica dello Shiatsu mi sono imbattuto in soggetti che consumano abitualmente anche pi\u00f9 di cinque tazzine al giorno. Costoro, pur presentando una colonna vertebrale perfetta, una buona postura e un buon livello delle capacit\u00e0 fisiche di base,&nbsp;avevano il meridiano del Rene in vuoto e spesso soffrivano di dolori lombari, anche cronici. Ho pensato dunque che fosse il caff\u00e8 a indebolire il Rene e che potesse essere, seppure indirettamente, la causa dei loro dolori. Il caff\u00e8 infatti si denatura in un sottoprodotto denominato acido urico che \u00e8 conosciuto per sovraccaricare i reni e che contribuisce inoltre a provocare la gotta ed i calcoli renali.<\/p>\n<p>Ho consigliato loro quindi di ridurre o eliminare il consumo di caff\u00e8 per tutto il periodo in cui si sono sottoposti ai miei trattamenti. Questa restrizione alimentare e il mio Shiatsu hanno contribuito a migliorare la loro condizione: i loro dolori vertebrali si sono ridotti notevolmente, si sentivano pi\u00f9 calmi e &#8220;centrati&#8221;.<\/p>\n<p>Chi soffre di mal di schiena cronico dovrebbe dunque limitare il consumo di caffeina soprattutto se si rende conto che ne abusa, o che l&#8217;irritabilit\u00e0 e l&#8217;ansiet\u00e0 contribuiscono a peggiorare il dolore o a cronicizzarlo.<\/p>\n<p>Fabio Ronci<\/p>\n<p>* <a href=\"http:\/\/www.backschool.it\/18.html\">http:\/\/www.backschool.it\/18.html<\/a><\/p>\n\n\n<p><\/p>\n","protected":false},"excerpt":{"rendered":"<p>Navigando sul web ho trovato la notizia relativa ad una ricerca del 1998* che dimostrerebbe una correlazione tra consumo di caffeina e incidenza del mal di schiena. Gli studiosi McPartland e Mitchell (Gruppo di Studio della Scoliosi e delle patologie vertebrali), autori di questo studio, hanno riscontrato che i pazienti con dolore cronico consumano mediamente&hellip; <br \/> <a class=\"read-more\" href=\"https:\/\/www.fabioronci.it\/site\/2011\/10\/08\/caffe-e-mal-di-schiena\/\">Leggi tutto<\/a><\/p>\n","protected":false},"author":1,"featured_media":2854,"comment_status":"open","ping_status":"open","sticky":false,"template":"","format":"standard","meta":{"footnotes":""},"categories":[1],"tags":[78,80,81,82,83,84,85,86,87,88,89,28],"class_list":["post-169","post","type-post","status-publish","format-standard","has-post-thumbnail","hentry","category-articoli","tag-acido-urico","tag-caffe","tag-caffeina","tag-dolore-vertebrale","tag-dolori-lombari","tag-epinefrine","tag-lombalgia","tag-mal-di-schiena","tag-mcpartland-e-mitchell","tag-meridiano-del-rene","tag-scoliosi","tag-shiatsu"],"_links":{"self":[{"href":"https:\/\/www.fabioronci.it\/site\/wp-json\/wp\/v2\/posts\/169","targetHints":{"allow":["GET"]}}],"collection":[{"href":"https:\/\/www.fabioronci.it\/site\/wp-json\/wp\/v2\/posts"}],"about":[{"href":"https:\/\/www.fabioronci.it\/site\/wp-json\/wp\/v2\/types\/post"}],"author":[{"embeddable":true,"href":"https:\/\/www.fabioronci.it\/site\/wp-json\/wp\/v2\/users\/1"}],"replies":[{"embeddable":true,"href":"https:\/\/www.fabioronci.it\/site\/wp-json\/wp\/v2\/comments?post=169"}],"version-history":[{"count":11,"href":"https:\/\/www.fabioronci.it\/site\/wp-json\/wp\/v2\/posts\/169\/revisions"}],"predecessor-version":[{"id":2856,"href":"https:\/\/www.fabioronci.it\/site\/wp-json\/wp\/v2\/posts\/169\/revisions\/2856"}],"wp:featuredmedia":[{"embeddable":true,"href":"https:\/\/www.fabioronci.it\/site\/wp-json\/wp\/v2\/media\/2854"}],"wp:attachment":[{"href":"https:\/\/www.fabioronci.it\/site\/wp-json\/wp\/v2\/media?parent=169"}],"wp:term":[{"taxonomy":"category","embeddable":true,"href":"https:\/\/www.fabioronci.it\/site\/wp-json\/wp\/v2\/categories?post=169"},{"taxonomy":"post_tag","embeddable":true,"href":"https:\/\/www.fabioronci.it\/site\/wp-json\/wp\/v2\/tags?post=169"}],"curies":[{"name":"wp","href":"https:\/\/api.w.org\/{rel}","templated":true}]}}